{"id":751,"date":"2019-06-06T17:19:48","date_gmt":"2019-06-06T15:19:48","guid":{"rendered":"http:\/\/www.alleanzaverde.com\/blog\/?p=751"},"modified":"2021-10-27T13:21:29","modified_gmt":"2021-10-27T11:21:29","slug":"oleolito-di-iperico","status":"publish","type":"post","link":"https:\/\/www.alleanzaverde.com\/blog\/oleolito-di-iperico\/","title":{"rendered":"Oleolito di Iperico"},"content":{"rendered":"\n<div class=\"wp-block-image\"><figure class=\"aligncenter\"><img loading=\"lazy\" decoding=\"async\" width=\"500\" height=\"375\" src=\"http:\/\/www.alleanzaverde.com\/blog\/wp-content\/uploads\/2019\/06\/Iperico.jpg\" alt=\"\" class=\"wp-image-752\" srcset=\"https:\/\/www.alleanzaverde.com\/blog\/wp-content\/uploads\/2019\/06\/Iperico.jpg 500w, https:\/\/www.alleanzaverde.com\/blog\/wp-content\/uploads\/2019\/06\/Iperico-300x225.jpg 300w\" sizes=\"auto, (max-width: 500px) 100vw, 500px\" \/><figcaption>Iperico &#8211; Hypericum perforatum L.<br><\/figcaption><\/figure><\/div>\n\n\n\n<p>L\u2019oleolito o, meno propriamente, \u201colio\u201d di iperico \u00e8 prodotto per macerazione, a caldo (metodo pi\u00f9 veloce) o a freddo, delle sommit\u00e0 fiorite della pianta di iperico (<em>Hypericum perforatum<\/em> L.) in un olio opportuno (es., oliva, girasole, &#8230;). Il metodo tradizionale prevede che la macerazione duri 40 giorni e che venga effettuata rigorosamente a freddo, disponendo la droga e l\u2019olio in un barattolo di vetro che deve essere necessariamente esposto al sole affinch\u00e9 il preparato possa acquisire il caratteristico colore rosso rubino. L\u2019esposizione al sole pu\u00f2 durare per tutto il periodo della preparazione dell\u2019oleolito oppure finch\u00e9 l\u2019olio non diventa rosso.<\/p>\n<p><!--more--><\/p>\n<p>L\u2019oleolito del commercio \u00e8 preparato <strong><em>solitamente<\/em><\/strong> con metodi diversi da quello tradizionale, come si pu\u00f2 facilmente evincere dalla differente colorazione dell\u2019olio (\u00e8 rossastro piuttosto che rosso rubino intenso).<\/p>\n<p>\u00c8 dotato di una buona azione cicatrizzante ed \u00e8 utilissimo in caso di ustioni, scottature solari, ferite e piaghe da decubito. \u00c8 anche utile nel caso specifico di traumi o ferite in zone riccamente innervate (es., dita delle mani e dei piedi) oppure quando il dolore del trauma o della ferita sembra estendersi dalla parte lesa ad un\u2019altra parte del corpo, secondo un percorso pi\u00f9 o meno lineare (es., dalla mano \u201csale\u201d lungo il braccio). \u00c8 fortemente attivo sui trami e sulle infiammazioni del tessuto nervoso, per cui risulta utile in caso di nevralgie (es., sciatalgia).<\/p>\n<p>Si adopera per uso esterno.<\/p>\n","protected":false},"excerpt":{"rendered":"<p>L\u2019oleolito o, meno propriamente, \u201colio\u201d di iperico \u00e8 prodotto per macerazione, a caldo (metodo pi\u00f9 veloce) o a freddo, delle sommit\u00e0 fiorite della pianta di iperico (Hypericum perforatum L.) in un olio opportuno (es., oliva, girasole, &#8230;). Il metodo tradizionale prevede che la macerazione duri 40 giorni e che venga effettuata rigorosamente a freddo, disponendo la droga e l\u2019olio in &hellip; <\/p>\n","protected":false},"author":1,"featured_media":0,"comment_status":"open","ping_status":"open","sticky":false,"template":"","format":"standard","meta":{"footnotes":""},"categories":[161],"tags":[114,115,113,117],"class_list":["post-751","post","type-post","status-publish","format-standard","hentry","category-preparati_erboristici","tag-hypericum","tag-hypericum_perforatum","tag-iperico","tag-oleolito"],"_links":{"self":[{"href":"https:\/\/www.alleanzaverde.com\/blog\/wp-json\/wp\/v2\/posts\/751","targetHints":{"allow":["GET"]}}],"collection":[{"href":"https:\/\/www.alleanzaverde.com\/blog\/wp-json\/wp\/v2\/posts"}],"about":[{"href":"https:\/\/www.alleanzaverde.com\/blog\/wp-json\/wp\/v2\/types\/post"}],"author":[{"embeddable":true,"href":"https:\/\/www.alleanzaverde.com\/blog\/wp-json\/wp\/v2\/users\/1"}],"replies":[{"embeddable":true,"href":"https:\/\/www.alleanzaverde.com\/blog\/wp-json\/wp\/v2\/comments?post=751"}],"version-history":[{"count":4,"href":"https:\/\/www.alleanzaverde.com\/blog\/wp-json\/wp\/v2\/posts\/751\/revisions"}],"predecessor-version":[{"id":951,"href":"https:\/\/www.alleanzaverde.com\/blog\/wp-json\/wp\/v2\/posts\/751\/revisions\/951"}],"wp:attachment":[{"href":"https:\/\/www.alleanzaverde.com\/blog\/wp-json\/wp\/v2\/media?parent=751"}],"wp:term":[{"taxonomy":"category","embeddable":true,"href":"https:\/\/www.alleanzaverde.com\/blog\/wp-json\/wp\/v2\/categories?post=751"},{"taxonomy":"post_tag","embeddable":true,"href":"https:\/\/www.alleanzaverde.com\/blog\/wp-json\/wp\/v2\/tags?post=751"}],"curies":[{"name":"wp","href":"https:\/\/api.w.org\/{rel}","templated":true}]}}