{"id":756,"date":"2019-06-06T17:22:42","date_gmt":"2019-06-06T15:22:42","guid":{"rendered":"http:\/\/www.alleanzaverde.com\/blog\/?p=756"},"modified":"2022-01-31T19:29:56","modified_gmt":"2022-01-31T18:29:56","slug":"oleolito-di-margherita","status":"publish","type":"post","link":"https:\/\/www.alleanzaverde.com\/blog\/oleolito-di-margherita\/","title":{"rendered":"Oleolito di Margherita"},"content":{"rendered":"\n<figure class=\"wp-block-image\"><img loading=\"lazy\" decoding=\"async\" width=\"1024\" height=\"576\" src=\"http:\/\/www.alleanzaverde.com\/blog\/wp-content\/uploads\/2019\/03\/Bellis-1024x576.jpg\" alt=\"\" class=\"wp-image-38\" srcset=\"https:\/\/www.alleanzaverde.com\/blog\/wp-content\/uploads\/2019\/03\/Bellis.jpg 1024w, https:\/\/www.alleanzaverde.com\/blog\/wp-content\/uploads\/2019\/03\/Bellis-300x169.jpg 300w, https:\/\/www.alleanzaverde.com\/blog\/wp-content\/uploads\/2019\/03\/Bellis-768x432.jpg 768w\" sizes=\"auto, (max-width: 1024px) 100vw, 1024px\" \/><figcaption>Capolini di margherita &#8211; Bellis perennis L.<\/figcaption><\/figure>\n\n\n\n<p>L\u2019oleolito o, meno propriamente, \u201colio\u201d di margherita \u00e8 prodotto per macerazione a caldo o a freddo dei capolini (fiori) della margherita o pratolina (<em>Bellis perennis<\/em> L.) in un olio opportuno (es., oliva, girasole, &#8230;). Il metodo tradizionale prevede una macerazione a freddo lunga almeno 40 giorni. Una variante prevede che tale macerazione debba essere effettuata al buio, al fine di minimizzare l\u2019irrancidimento dell\u2019olio; un\u2019altra variante prevede l\u2019esposizione continua al sole, al fine di \u201ccaricare\u201d l\u2019olio dell\u2019energia solare e di estrarre meglio i principi attivi della pianta.<\/p>\n<p><!--more--><\/p>\n<p>Quale che sia il metodo, l\u2019oleolito di margherita \u00e8 un vero e proprio toccasana per il nostro corpo. Pu\u00f2 essere usato in sostituzione dell\u2019oleolito di arnica e di calendula (e dei prodotti da essi derivati, come gli ungenti e le pomate): la margherita, infatti, ha un\u2019azione paragonabile a quella dell\u2019arnica, ma pi\u00f9 profonda e in pi\u00f9 si pu\u00f2 usare anche sulle ferite aperte. \u00c8 un rimedio un po\u2019 meno \u201ccaldo\u201d rispetto ad arnica e calendula.<\/p>\n<p>Lenitivo e disinfiammante, \u00e8 un ottimo rimedio per i traumi e le contusioni, i dolori di tipo infiammatorio e le irritazioni della pelle, le punture degli insetti, gli eritemi solari, le scottature e le ustioni. Molto efficace come rassodante ed elasticizzante, rende la pelle del corpo elastica e idratata ed aiuta a prevenire le smagliature, soprattutto in gravidanza o durante una dieta. \u00c8 uno dei <strong><em>migliori rimedi per tonificare, rassodare e disinfiammare il seno<\/em><\/strong>. \u00c8 utile anche per mantenere le gambe in forma aiutandone a riattivare la circolazione. \u00c8 un ottimo rimedio schiarente per le macchie della pelle.<\/p>\n<p>Si adopera per uso esterno.<\/p>\n","protected":false},"excerpt":{"rendered":"<p>L\u2019oleolito o, meno propriamente, \u201colio\u201d di margherita \u00e8 prodotto per macerazione a caldo o a freddo dei capolini (fiori) della margherita o pratolina (Bellis perennis L.) in un olio opportuno (es., oliva, girasole, &#8230;). Il metodo tradizionale prevede una macerazione a freddo lunga almeno 40 giorni. Una variante prevede che tale macerazione debba essere effettuata al buio, al fine di &hellip; <\/p>\n","protected":false},"author":1,"featured_media":0,"comment_status":"open","ping_status":"open","sticky":false,"template":"","format":"standard","meta":{"footnotes":""},"categories":[161],"tags":[7,119,8,117],"class_list":["post-756","post","type-post","status-publish","format-standard","hentry","category-preparati_erboristici","tag-bellis","tag-bellis_perennis","tag-margherita","tag-oleolito"],"_links":{"self":[{"href":"https:\/\/www.alleanzaverde.com\/blog\/wp-json\/wp\/v2\/posts\/756","targetHints":{"allow":["GET"]}}],"collection":[{"href":"https:\/\/www.alleanzaverde.com\/blog\/wp-json\/wp\/v2\/posts"}],"about":[{"href":"https:\/\/www.alleanzaverde.com\/blog\/wp-json\/wp\/v2\/types\/post"}],"author":[{"embeddable":true,"href":"https:\/\/www.alleanzaverde.com\/blog\/wp-json\/wp\/v2\/users\/1"}],"replies":[{"embeddable":true,"href":"https:\/\/www.alleanzaverde.com\/blog\/wp-json\/wp\/v2\/comments?post=756"}],"version-history":[{"count":2,"href":"https:\/\/www.alleanzaverde.com\/blog\/wp-json\/wp\/v2\/posts\/756\/revisions"}],"predecessor-version":[{"id":1789,"href":"https:\/\/www.alleanzaverde.com\/blog\/wp-json\/wp\/v2\/posts\/756\/revisions\/1789"}],"wp:attachment":[{"href":"https:\/\/www.alleanzaverde.com\/blog\/wp-json\/wp\/v2\/media?parent=756"}],"wp:term":[{"taxonomy":"category","embeddable":true,"href":"https:\/\/www.alleanzaverde.com\/blog\/wp-json\/wp\/v2\/categories?post=756"},{"taxonomy":"post_tag","embeddable":true,"href":"https:\/\/www.alleanzaverde.com\/blog\/wp-json\/wp\/v2\/tags?post=756"}],"curies":[{"name":"wp","href":"https:\/\/api.w.org\/{rel}","templated":true}]}}